{"id":208,"date":"2015-06-02T19:56:00","date_gmt":"2015-06-02T19:56:00","guid":{"rendered":"http:\/\/2025.schuetzen-mehlbruch.de\/bundeskoeniginnentag-in-walbeck"},"modified":"2015-06-02T19:56:00","modified_gmt":"2015-06-02T19:56:00","slug":"bundeskoeniginnentag-in-walbeck","status":"publish","type":"post","link":"https:\/\/schuetzen-mehlbruch.de\/?p=208","title":{"rendered":"Bundesk\u00f6niginnentag in Walbeck"},"content":{"rendered":"<p>In 2 Bussen begleiteten am 17. Mai 2015 fast 110 Mitglieder und Freunde der Bruderschaft unsere K\u00f6nigin Marion zum Bundesk\u00f6niginnentag nach Walbeck am Niederrhein. Das Bezirksk\u00f6nigspaar Detlef B\u00fcrgel und Ingrid Schlepper (Freundeskreis) begleitete uns mit einer Abordnung. Selbstverst\u00e4ndlich waren unser K\u00f6nig Dieter, unser Jungprinz Fabian und unsere Sch\u00fclerprinzessin Hannah auch mit dabei.<\/p>\n<div style=\"clear: both; text-align: center;\">\n<a href=\"https:\/\/blogger.googleusercontent.com\/img\/b\/R29vZ2xl\/AVvXsEhxoDk5M_90wn6Wxep3GLZAG_hctKqM1dYsbXukUSjewY6S6Rb_oKc9wRhG05j3XYMWDjHtKUHDNwzgWq-ORObm6H4Mzqxva9JbVdXFwT_9yj-JsfF2JJxu-tu_n9QflOs-A9kbVYqXKdA\/s1600\/3_K{6d8a1fcd5110c4811d0b321cbd42c43ea0b18fced3f6a3adeb8581ebd2a5a0cf}25C3{6d8a1fcd5110c4811d0b321cbd42c43ea0b18fced3f6a3adeb8581ebd2a5a0cf}25B6nigspaar+und+Bezirksk{6d8a1fcd5110c4811d0b321cbd42c43ea0b18fced3f6a3adeb8581ebd2a5a0cf}25C3{6d8a1fcd5110c4811d0b321cbd42c43ea0b18fced3f6a3adeb8581ebd2a5a0cf}25B6nigpaar.jpg\" style=\"margin-left: 1em; margin-right: 1em;\"><img loading=\"lazy\" decoding=\"async\" border=\"0\" height=\"240\" src=\"https:\/\/blogger.googleusercontent.com\/img\/b\/R29vZ2xl\/AVvXsEhxoDk5M_90wn6Wxep3GLZAG_hctKqM1dYsbXukUSjewY6S6Rb_oKc9wRhG05j3XYMWDjHtKUHDNwzgWq-ORObm6H4Mzqxva9JbVdXFwT_9yj-JsfF2JJxu-tu_n9QflOs-A9kbVYqXKdA\/s320\/3_K{6d8a1fcd5110c4811d0b321cbd42c43ea0b18fced3f6a3adeb8581ebd2a5a0cf}25C3{6d8a1fcd5110c4811d0b321cbd42c43ea0b18fced3f6a3adeb8581ebd2a5a0cf}25B6nigspaar+und+Bezirksk{6d8a1fcd5110c4811d0b321cbd42c43ea0b18fced3f6a3adeb8581ebd2a5a0cf}25C3{6d8a1fcd5110c4811d0b321cbd42c43ea0b18fced3f6a3adeb8581ebd2a5a0cf}25B6nigpaar.jpg\" width=\"320\" \/><\/a><\/div>\n<p>&nbsp;Nach einer Rast an der Geism\u00fchle, wo das Fr\u00fchst\u00fcck eingenommen wurde, ging es weiter nach Walbeck. Dort wurde dann auf dem Kaplanshof die feierlich zelebrierte Festmesse besucht, bevor die Sch\u00fctzen bei strahlendem Sonnenschein am Festzug durch Walbeck teilnahmen.<\/p>\n<div style=\"clear: both; text-align: center;\">\n<a href=\"https:\/\/blogger.googleusercontent.com\/img\/b\/R29vZ2xl\/AVvXsEiA7ZFm2WeafTWDoxeJLzB3VjZb9FDHnIP22R4nPF76guXTYeDsygBtvRYFG-S2C2fSV_G2Nb7pj3FJBJmgt1O-EMlWPFYWuYAuHmhPhc5s-ULqhGETygGeV_XOLRIHc4adUap3nBp-34g\/s1600\/3_K{6d8a1fcd5110c4811d0b321cbd42c43ea0b18fced3f6a3adeb8581ebd2a5a0cf}25C3{6d8a1fcd5110c4811d0b321cbd42c43ea0b18fced3f6a3adeb8581ebd2a5a0cf}25B6nigspaar2015+im+Festzug.jpg\" style=\"margin-left: 1em; margin-right: 1em;\"><img loading=\"lazy\" decoding=\"async\" border=\"0\" height=\"209\" src=\"https:\/\/blogger.googleusercontent.com\/img\/b\/R29vZ2xl\/AVvXsEiA7ZFm2WeafTWDoxeJLzB3VjZb9FDHnIP22R4nPF76guXTYeDsygBtvRYFG-S2C2fSV_G2Nb7pj3FJBJmgt1O-EMlWPFYWuYAuHmhPhc5s-ULqhGETygGeV_XOLRIHc4adUap3nBp-34g\/s320\/3_K{6d8a1fcd5110c4811d0b321cbd42c43ea0b18fced3f6a3adeb8581ebd2a5a0cf}25C3{6d8a1fcd5110c4811d0b321cbd42c43ea0b18fced3f6a3adeb8581ebd2a5a0cf}25B6nigspaar2015+im+Festzug.jpg\" width=\"320\" \/><\/a><\/div>\n<p>Die mitgereisten Frauen und Freunde der Bruderschaft schauten sich diesen Festzug vom Stra\u00dfenrand aus an und bewunderten die wundersch\u00f6nen Kleider der vorbeiziehenden K\u00f6niginnen.<\/p>\n<div style=\"clear: both; text-align: center;\">\n<a href=\"https:\/\/blogger.googleusercontent.com\/img\/b\/R29vZ2xl\/AVvXsEjObfcKkKj9Ni5uXI6AsOqGeA2Cwi-6E-FuI1qdWk-cH1_8MFSYX16ZVac5tSg9v5a-R5lH2_-ybC1A2KL2-mzEeq4tLPxX5R1DhGk8XGstqiMoAIitMAGn8kPgmTQb5NeR6qDcuZz4MyY\/s1600\/4_Schiessfrauen+am+Zug.jpg\" style=\"margin-left: 1em; margin-right: 1em;\"><img loading=\"lazy\" decoding=\"async\" border=\"0\" height=\"240\" src=\"https:\/\/blogger.googleusercontent.com\/img\/b\/R29vZ2xl\/AVvXsEjObfcKkKj9Ni5uXI6AsOqGeA2Cwi-6E-FuI1qdWk-cH1_8MFSYX16ZVac5tSg9v5a-R5lH2_-ybC1A2KL2-mzEeq4tLPxX5R1DhGk8XGstqiMoAIitMAGn8kPgmTQb5NeR6qDcuZz4MyY\/s320\/4_Schiessfrauen+am+Zug.jpg\" width=\"320\" \/><\/a><\/div>\n<p>Nach dem Festzug ging es dann mit den Bussen weiter nach Kerken-Nieukerk zum Gasthof Till, wo ein sehr leckeres und reichhaltiges Buffett auf die Gruppe wartete.<\/p>\n<div style=\"clear: both; text-align: center;\">\n<a href=\"https:\/\/blogger.googleusercontent.com\/img\/b\/R29vZ2xl\/AVvXsEhQK_41PlDDHFNgYWkMc2rSRspqkPIKCEK1HvPU-y5YeL32yxhyphenhyphenso2JWIhAgO4OzDSK2usoBTAT2YsqgKqlo5IJbPOwPxJfc_nm4v-9ZzTiuAxBbOlKyZy6HRxWRBkHhJpJDtwBlCW-3G4\/s1600\/6_Gasthof+Till.jpg\" style=\"margin-left: 1em; margin-right: 1em;\"><img loading=\"lazy\" decoding=\"async\" border=\"0\" height=\"320\" src=\"https:\/\/blogger.googleusercontent.com\/img\/b\/R29vZ2xl\/AVvXsEhQK_41PlDDHFNgYWkMc2rSRspqkPIKCEK1HvPU-y5YeL32yxhyphenhyphenso2JWIhAgO4OzDSK2usoBTAT2YsqgKqlo5IJbPOwPxJfc_nm4v-9ZzTiuAxBbOlKyZy6HRxWRBkHhJpJDtwBlCW-3G4\/s320\/6_Gasthof+Till.jpg\" width=\"240\" \/><\/a><\/div>\n<p>Gut gest\u00e4rkt ging es dann nach einer Erholungspause in Richtung Heimat, wo im Zwergenst\u00fcbchen ein wundersch\u00f6ner Tag seinen Ausklang fand.<\/p>\n<div style=\"clear: both; text-align: center;\">\n<a href=\"https:\/\/blogger.googleusercontent.com\/img\/b\/R29vZ2xl\/AVvXsEhROOQ_MnW72PxskNGuAANOy-lSW1-bjVhFhnyeedfNKQ3_FdtJLo90IMNXLLERvyG2CyZ-V7Sy_oTVjp0fWQqt2-IS7JEJCPyFw-HNlEqHLB-OjEZuybWBH6hvvriS8uPEWsyBrVsp5Pg\/s1600\/8_Ausklang.jpg\" style=\"margin-left: 1em; margin-right: 1em;\"><img loading=\"lazy\" decoding=\"async\" border=\"0\" height=\"240\" src=\"https:\/\/blogger.googleusercontent.com\/img\/b\/R29vZ2xl\/AVvXsEhROOQ_MnW72PxskNGuAANOy-lSW1-bjVhFhnyeedfNKQ3_FdtJLo90IMNXLLERvyG2CyZ-V7Sy_oTVjp0fWQqt2-IS7JEJCPyFw-HNlEqHLB-OjEZuybWBH6hvvriS8uPEWsyBrVsp5Pg\/s320\/8_Ausklang.jpg\" width=\"320\" \/><\/a><\/div>\n<p>F\u00fcr die freundliche Bewirtung im Zwergenst\u00fcbchen einen recht herzlichen Dank an Birgit und Peter Breuer.<\/p>\n","protected":false},"excerpt":{"rendered":"<p>In 2 Bussen begleiteten am 17. Mai 2015 fast 110 Mitglieder und Freunde der Bruderschaft unsere K\u00f6nigin Marion zum Bundesk\u00f6niginnentag nach Walbeck am Niederrhein. Das Bezirksk\u00f6nigspaar Detlef B\u00fcrgel und Ingrid Schlepper (Freundeskreis) begleitete uns mit einer Abordnung. Selbstverst\u00e4ndlich waren unser K\u00f6nig Dieter, unser Jungprinz Fabian und unsere Sch\u00fclerprinzessin Hannah auch mit dabei. &nbsp;Nach einer Rast an der Geism\u00fchle, wo das Fr\u00fchst\u00fcck eingenommen wurde, ging es weiter nach Walbeck. Dort wurde dann auf dem Kaplanshof die feierlich zelebrierte Festmesse besucht, bevor die Sch\u00fctzen bei strahlendem Sonnenschein am Festzug durch Walbeck teilnahmen. Die mitgereisten Frauen und Freunde der Bruderschaft schauten sich diesen Festzug vom Stra\u00dfenrand aus an und bewunderten die wundersch\u00f6nen Kleider der vorbeiziehenden K\u00f6niginnen. Nach dem Festzug ging es dann mit den Bussen weiter nach Kerken-Nieukerk zum Gasthof Till, wo ein sehr leckeres und reichhaltiges Buffett auf die Gruppe wartete. Gut gest\u00e4rkt ging es dann nach einer Erholungspause in Richtung Heimat, wo im Zwergenst\u00fcbchen ein wundersch\u00f6ner Tag seinen Ausklang fand. F\u00fcr die freundliche Bewirtung im Zwergenst\u00fcbchen einen recht herzlichen Dank an Birgit und Peter Breuer.<\/p>\n","protected":false},"author":1,"featured_media":0,"comment_status":"open","ping_status":"open","sticky":false,"template":"","format":"standard","meta":{"footnotes":""},"categories":[1],"tags":[],"class_list":["post-208","post","type-post","status-publish","format-standard","hentry","category-familie"],"featured_media_urls":[],"_links":{"self":[{"href":"https:\/\/schuetzen-mehlbruch.de\/index.php?rest_route=\/wp\/v2\/posts\/208","targetHints":{"allow":["GET"]}}],"collection":[{"href":"https:\/\/schuetzen-mehlbruch.de\/index.php?rest_route=\/wp\/v2\/posts"}],"about":[{"href":"https:\/\/schuetzen-mehlbruch.de\/index.php?rest_route=\/wp\/v2\/types\/post"}],"author":[{"embeddable":true,"href":"https:\/\/schuetzen-mehlbruch.de\/index.php?rest_route=\/wp\/v2\/users\/1"}],"replies":[{"embeddable":true,"href":"https:\/\/schuetzen-mehlbruch.de\/index.php?rest_route=%2Fwp%2Fv2%2Fcomments&post=208"}],"version-history":[{"count":0,"href":"https:\/\/schuetzen-mehlbruch.de\/index.php?rest_route=\/wp\/v2\/posts\/208\/revisions"}],"wp:attachment":[{"href":"https:\/\/schuetzen-mehlbruch.de\/index.php?rest_route=%2Fwp%2Fv2%2Fmedia&parent=208"}],"wp:term":[{"taxonomy":"category","embeddable":true,"href":"https:\/\/schuetzen-mehlbruch.de\/index.php?rest_route=%2Fwp%2Fv2%2Fcategories&post=208"},{"taxonomy":"post_tag","embeddable":true,"href":"https:\/\/schuetzen-mehlbruch.de\/index.php?rest_route=%2Fwp%2Fv2%2Ftags&post=208"}],"curies":[{"name":"wp","href":"https:\/\/api.w.org\/{rel}","templated":true}]}}